{"id":827,"date":"2020-03-26T11:21:38","date_gmt":"2020-03-26T11:21:38","guid":{"rendered":"http:\/\/www.efikanutricion.es\/?p=827"},"modified":"2020-11-04T09:53:33","modified_gmt":"2020-11-04T09:53:33","slug":"yomequedoencasa","status":"publish","type":"post","link":"https:\/\/www.efikanutricion.es\/index.php\/2020\/03\/26\/yomequedoencasa\/","title":{"rendered":"#YOMEQUEDOENCASA"},"content":{"rendered":"<p style=\"text-align: justify;\">El 14 de marzo del 2020, se declar\u00f3 el estado de alarma, vivimos una situaci\u00f3n excepcional, y en guerra, una guerra contra un virus llamado covid-19 <em>coronavirus<\/em>. Se ha producido una pandemia a nivel mundial, iniciado el contagio en China y ahora est\u00e1 en todo el mundo.<\/p>\n<p style=\"text-align: justify;\">Estamos recluidos en nuestras propias casas, con una serie de recomendaciones para evitar su contagio, es un virus muy agresivo que en principio no es mortal s\u00f3lo a aquellas personas con patolog\u00edas graves y personas ancianas, pero se est\u00e1 cobrando la vida de muchas personas, por que el sistema sanitario est\u00e1 colapsado, hemos dejado de trabajar muchos profesionales, la incertidumbre y el miedo a veces se nos apodera, es algo temporal, todo pasar\u00e1.<\/p>\n<p style=\"text-align: justify;\">El planeta necesitaba un respiro y nosotros tambi\u00e9n, la contaminaci\u00f3n se ha reducido y la atm\u00f3sfera respira, para bien o para mal es lo que hay, y debemos darnos cuenta de la importancia que tiene la SALUD, la prevenci\u00f3n es vital para mejorar nuestro sistema inmunitario, solo espero que esta situaci\u00f3n haga recapacitar a toda la poblaci\u00f3n para que se d\u00e9 cuenta que invertir en salud es m\u00e1s importante que invertir en alimentos que a la larga te pueden hacer da\u00f1o.<\/p>\n<p style=\"text-align: justify;\">Todos unidos venceremos, ahora nos damos cuenta de cosas b\u00e1sicas que dabas por sentado, porque estaban ah\u00ed, la luz, el agua, la comida, tu casa, tu coche.<\/p>\n<p style=\"text-align: justify;\">Ser agradecidos nos hace valorar lo que tenemos, eso es lo importante.<\/p>\n<p style=\"text-align: justify;\">\n<p style=\"text-align: justify;\">\u00c1nimo y a por ello, que pronto pasar\u00e1.<\/p>\n<p>&nbsp;<\/p>\n","protected":false},"excerpt":{"rendered":"<p>El 14 de marzo del 2020, se declar\u00f3 el estado de alarma, vivimos una situaci\u00f3n excepcional, y en guerra, una guerra contra un virus llamado covid-19 coronavirus. Se ha producido una pandemia a nivel mundial, iniciado el contagio en China y ahora est\u00e1 en todo el mundo. Estamos recluidos en nuestras propias casas, con una [&hellip;]<\/p>\n","protected":false},"author":1,"featured_media":828,"comment_status":"open","ping_status":"open","sticky":false,"template":"","format":"standard","meta":{"sfsi_plus_gutenberg_text_before_share":"","sfsi_plus_gutenberg_show_text_before_share":"","sfsi_plus_gutenberg_icon_type":"","sfsi_plus_gutenberg_icon_alignemt":"","sfsi_plus_gutenburg_max_per_row":""},"categories":[9],"tags":[],"_links":{"self":[{"href":"https:\/\/www.efikanutricion.es\/index.php\/wp-json\/wp\/v2\/posts\/827"}],"collection":[{"href":"https:\/\/www.efikanutricion.es\/index.php\/wp-json\/wp\/v2\/posts"}],"about":[{"href":"https:\/\/www.efikanutricion.es\/index.php\/wp-json\/wp\/v2\/types\/post"}],"author":[{"embeddable":true,"href":"https:\/\/www.efikanutricion.es\/index.php\/wp-json\/wp\/v2\/users\/1"}],"replies":[{"embeddable":true,"href":"https:\/\/www.efikanutricion.es\/index.php\/wp-json\/wp\/v2\/comments?post=827"}],"version-history":[{"count":2,"href":"https:\/\/www.efikanutricion.es\/index.php\/wp-json\/wp\/v2\/posts\/827\/revisions"}],"predecessor-version":[{"id":891,"href":"https:\/\/www.efikanutricion.es\/index.php\/wp-json\/wp\/v2\/posts\/827\/revisions\/891"}],"wp:featuredmedia":[{"embeddable":true,"href":"https:\/\/www.efikanutricion.es\/index.php\/wp-json\/wp\/v2\/media\/828"}],"wp:attachment":[{"href":"https:\/\/www.efikanutricion.es\/index.php\/wp-json\/wp\/v2\/media?parent=827"}],"wp:term":[{"taxonomy":"category","embeddable":true,"href":"https:\/\/www.efikanutricion.es\/index.php\/wp-json\/wp\/v2\/categories?post=827"},{"taxonomy":"post_tag","embeddable":true,"href":"https:\/\/www.efikanutricion.es\/index.php\/wp-json\/wp\/v2\/tags?post=827"}],"curies":[{"name":"wp","href":"https:\/\/api.w.org\/{rel}","templated":true}]}}