{"id":1105,"date":"2022-05-30T15:37:51","date_gmt":"2022-05-30T15:37:51","guid":{"rendered":"https:\/\/www.efikanutricion.es\/?p=1105"},"modified":"2022-05-30T15:37:51","modified_gmt":"2022-05-30T15:37:51","slug":"mi-rutina-de-manana","status":"publish","type":"post","link":"https:\/\/www.efikanutricion.es\/index.php\/2022\/05\/30\/mi-rutina-de-manana\/","title":{"rendered":"Mi rutina de ma\u00f1ana"},"content":{"rendered":"<p>En este post, he querido ofrecerte algo m\u00e1s personal para que puedas saber que hago cada ma\u00f1ana desde estos \u00faltimos meses.<\/p>\n<p>Tener h\u00e1bitos establecidos en tu d\u00eda a d\u00eda, hace que te encuentres mejor, sobre todo an\u00edmicamente.<\/p>\n<p>Me gusta leer mucho, y cuando le\u00ed un libro llamado \u00abEl monje que vendi\u00f3 su ferrari\u00bb, me ayud\u00f3 a replantear como empezar mi d\u00eda.<\/p>\n<p>En este libro te explican las pautas que debes seguir si quieres ser una persona m\u00e1s feliz, m\u00e1s relajada y m\u00e1s productiva.<\/p>\n<p>Y despu\u00e9s de establecer y probar varias cosas, al final me he quedado con las que mejor me hacen sentir.<\/p>\n<p>Mi rutina de ma\u00f1ana es la siguiente:<\/p>\n<p>Nada m\u00e1s me levanto lo primero que hago son unas respiraciones y me incorporo en la cama, en silencio, una especie de meditaci\u00f3n para empezar el d\u00eda.<\/p>\n<p>Luego escribo, todo lo que siento, todo lo que he so\u00f1ado, lo que me preocupa, mis deseos, mis proyectos, etc. me ayuda a estructurar mis ideas y desahogarme.<\/p>\n<p>A continuaci\u00f3n, es el momento de mover el cuerpo, 30 minutos al menos, de ejercicios de fuerza o cardio, yoga, etc.<\/p>\n<p>Hago tareas de casa, como no,\u00a0 que siempre hay alguna lavadora que poner, preparar los almuerzos a los ni\u00f1os, que ya no lo son tanto, pero bueno&#8230; y a la ducha.<\/p>\n<p>Y por \u00faltimo mi desayuno que lo preparo con cari\u00f1o para nutrirme y obtener la energ\u00eda que voy a necesitar ese d\u00eda y lo tomo, relajada y tranquila desde mi terraza o mirando por la ventana seg\u00fan el tiempo que haga.<\/p>\n<p>Esta rutina la suelo hacer casi siempre, de lunes a viernes, el fin de semana no suelo madrugar tanto, pero me sirve para conectar conmigo y vivir sin tanto estr\u00e9s.<\/p>\n<p>Suelo ser una persona m\u00e1s diurna que nocturna, me siento m\u00e1s activa por las ma\u00f1anas, pero hay personas que lo son por las tardes, debes adaptar tu rutina a t\u00fa forma de ser.<\/p>\n<p>La organizaci\u00f3n y planificaci\u00f3n es importante, pero m\u00e1s a\u00fan el autocuidado.<\/p>\n<p>\u00bfY t\u00fa haces alguna rutina que te haya cambiado tus d\u00edas?<\/p>\n<p>&nbsp;<\/p>\n<p>&nbsp;<\/p>\n<p>&nbsp;<\/p>\n","protected":false},"excerpt":{"rendered":"<p>En este post, he querido ofrecerte algo m\u00e1s personal para que puedas saber que hago cada ma\u00f1ana desde estos \u00faltimos meses. Tener h\u00e1bitos establecidos en tu d\u00eda a d\u00eda, hace que te encuentres mejor, sobre todo an\u00edmicamente. Me gusta leer mucho, y cuando le\u00ed un libro llamado \u00abEl monje que vendi\u00f3 su ferrari\u00bb, me ayud\u00f3 [&hellip;]<\/p>\n","protected":false},"author":1,"featured_media":1108,"comment_status":"open","ping_status":"open","sticky":false,"template":"","format":"standard","meta":{"sfsi_plus_gutenberg_text_before_share":"","sfsi_plus_gutenberg_show_text_before_share":"","sfsi_plus_gutenberg_icon_type":"","sfsi_plus_gutenberg_icon_alignemt":"","sfsi_plus_gutenburg_max_per_row":""},"categories":[52,7,5],"tags":[],"_links":{"self":[{"href":"https:\/\/www.efikanutricion.es\/index.php\/wp-json\/wp\/v2\/posts\/1105"}],"collection":[{"href":"https:\/\/www.efikanutricion.es\/index.php\/wp-json\/wp\/v2\/posts"}],"about":[{"href":"https:\/\/www.efikanutricion.es\/index.php\/wp-json\/wp\/v2\/types\/post"}],"author":[{"embeddable":true,"href":"https:\/\/www.efikanutricion.es\/index.php\/wp-json\/wp\/v2\/users\/1"}],"replies":[{"embeddable":true,"href":"https:\/\/www.efikanutricion.es\/index.php\/wp-json\/wp\/v2\/comments?post=1105"}],"version-history":[{"count":4,"href":"https:\/\/www.efikanutricion.es\/index.php\/wp-json\/wp\/v2\/posts\/1105\/revisions"}],"predecessor-version":[{"id":1112,"href":"https:\/\/www.efikanutricion.es\/index.php\/wp-json\/wp\/v2\/posts\/1105\/revisions\/1112"}],"wp:featuredmedia":[{"embeddable":true,"href":"https:\/\/www.efikanutricion.es\/index.php\/wp-json\/wp\/v2\/media\/1108"}],"wp:attachment":[{"href":"https:\/\/www.efikanutricion.es\/index.php\/wp-json\/wp\/v2\/media?parent=1105"}],"wp:term":[{"taxonomy":"category","embeddable":true,"href":"https:\/\/www.efikanutricion.es\/index.php\/wp-json\/wp\/v2\/categories?post=1105"},{"taxonomy":"post_tag","embeddable":true,"href":"https:\/\/www.efikanutricion.es\/index.php\/wp-json\/wp\/v2\/tags?post=1105"}],"curies":[{"name":"wp","href":"https:\/\/api.w.org\/{rel}","templated":true}]}}